{"id":4959,"date":"2025-03-19T10:39:54","date_gmt":"2025-03-19T09:39:54","guid":{"rendered":"https:\/\/www.crittm2a.com\/fr\/?p=4959"},"modified":"2025-03-18T10:30:11","modified_gmt":"2025-03-18T09:30:11","slug":"le-critt-m2a-au-batteries-event-2025-a-dunkerque","status":"publish","type":"post","link":"https:\/\/www.crittm2a.com\/fr\/le-critt-m2a-au-batteries-event-2025-a-dunkerque\/","title":{"rendered":"Le CRITT M2A au Batteries Event 2025 \u00e0 Dunkerque"},"content":{"rendered":"<p data-pm-slice=\"1 1 []\">Dunkerque accueille pour la premi\u00e8re fois le Batteries Event, rendez-vous incontournable des experts en batteries et \u00e9lectromobilit\u00e9. Situ\u00e9 au c\u0153ur de l&rsquo;Electric Valley, le CRITT M2A est fier de participer \u00e0 cet \u00e9v\u00e9nement majeur, juste \u00e0 c\u00f4t\u00e9 de son centre d\u2019essais.<\/p>\n<p>Du 1er au 3 avril, venez rencontrer notre \u00e9quipe afin d\u2019\u00e9changer sur nos solutions de tests de batteries et d\u00e9couvrir comment nous pouvons accompagner vos innovations en \u00e9lectromobilit\u00e9.<\/p>\n<p>Visite exclusive du CRITT M2A &#8211; 1er avril Dans le cadre de l\u2019\u00e9v\u00e9nement, nous ouvrons nos portes aux visiteurs pour une d\u00e9couverte exceptionnelle de nos installations \u00e0 la pointe de la technologie et de notre savoir-faire en tests de batteries (inscriptions cl\u00f4tur\u00e9es).<\/p>\n<p>Conf\u00e9rence incontournable &#8211; 3 avril \u00e0 9h00 Arnaud Levecque et Fadi Soubhie interviendront lors de la Session 4 \u2013 Test &amp; S\u00e9curit\u00e9 sur le th\u00e8me : L&rsquo;avenir du test de batteries : fusionner simulation et r\u00e9alit\u00e9 pour des performances optimales.<\/p>\n<p>Nous avons h\u00e2te de discuter avec vous des d\u00e9fis et innovations qui fa\u00e7onnent l&rsquo;industrie. Retrouvez-nous au stand C10 \u2013 Au plaisir de vous y accueillir !<\/p>\n<p><img loading=\"lazy\" decoding=\"async\" class=\"aligncenter size-medium wp-image-4961\" src=\"https:\/\/www.crittm2a.com\/wp-content\/uploads\/2025\/03\/Post-invitation-salons-300x214.png\" alt=\"\" width=\"300\" height=\"214\" \/><\/p>\n","protected":false},"excerpt":{"rendered":"<p>Dunkerque accueille pour la premi\u00e8re fois le Batteries Event, rendez-vous incontournable des experts en batteries et \u00e9lectromobilit\u00e9. Situ\u00e9 au c\u0153ur [&hellip;]<\/p>\n","protected":false},"author":3,"featured_media":4960,"comment_status":"closed","ping_status":"closed","sticky":false,"template":"","format":"standard","meta":{"_acf_changed":false,"_jetpack_memberships_contains_paid_content":false,"footnotes":""},"categories":[1],"tags":[],"class_list":["post-4959","post","type-post","status-publish","format-standard","has-post-thumbnail","hentry","category-non-classe"],"acf":[],"yoast_head":"<!-- This site is optimized with the Yoast SEO plugin v27.1.1 - https:\/\/yoast.com\/product\/yoast-seo-wordpress\/ -->\n<title>Critt M2A<\/title>\n<meta name=\"robots\" content=\"index, follow, max-snippet:-1, max-image-preview:large, max-video-preview:-1\" \/>\n<link rel=\"canonical\" href=\"https:\/\/www.crittm2a.com\/fr\/le-critt-m2a-au-batteries-event-2025-a-dunkerque\/\" \/>\n<meta property=\"og:locale\" content=\"fr_FR\" \/>\n<meta property=\"og:type\" content=\"article\" \/>\n<meta property=\"og:title\" content=\"Le CRITT M2A au Batteries Event 2025 \u00e0 Dunkerque Critt M2A\" \/>\n<meta property=\"og:description\" content=\"Dunkerque accueille pour la premi\u00e8re fois le Batteries Event, rendez-vous incontournable des experts en batteries et \u00e9lectromobilit\u00e9. Situ\u00e9 au c\u0153ur [&hellip;]\" \/>\n<meta property=\"og:url\" content=\"https:\/\/www.crittm2a.com\/fr\/le-critt-m2a-au-batteries-event-2025-a-dunkerque\/\" \/>\n<meta property=\"og:site_name\" content=\"Critt M2A\" \/>\n<meta property=\"article:published_time\" content=\"2025-03-19T09:39:54+00:00\" \/>\n<meta property=\"og:image\" content=\"https:\/\/www.crittm2a.com\/wp-content\/uploads\/2025\/03\/photo-3.png\" \/>\n\t<meta property=\"og:image:width\" content=\"1920\" \/>\n\t<meta property=\"og:image:height\" content=\"1080\" \/>\n\t<meta property=\"og:image:type\" content=\"image\/png\" \/>\n<meta name=\"author\" content=\"Audrey Riberon\" \/>\n<meta name=\"twitter:card\" content=\"summary_large_image\" \/>\n<meta name=\"twitter:creator\" content=\"@critt_m2a\" \/>\n<meta name=\"twitter:site\" content=\"@critt_m2a\" \/>\n<meta name=\"twitter:label1\" content=\"\u00c9crit par\" \/>\n\t<meta name=\"twitter:data1\" content=\"Audrey Riberon\" \/>\n\t<meta name=\"twitter:label2\" content=\"Dur\u00e9e de lecture estim\u00e9e\" \/>\n\t<meta name=\"twitter:data2\" content=\"1 minute\" \/>\n<script type=\"application\/ld+json\" class=\"yoast-schema-graph\">{\"@context\":\"https:\/\/schema.org\",\"@graph\":[{\"@type\":\"Article\",\"@id\":\"https:\/\/www.crittm2a.com\/fr\/le-critt-m2a-au-batteries-event-2025-a-dunkerque\/#article\",\"isPartOf\":{\"@id\":\"https:\/\/www.crittm2a.com\/fr\/le-critt-m2a-au-batteries-event-2025-a-dunkerque\/\"},\"author\":{\"name\":\"Audrey Riberon\",\"@id\":\"https:\/\/www.crittm2a.com\/fr\/#\/schema\/person\/c18f42730c38169c2724d952fe98fdb3\"},\"headline\":\"Le CRITT M2A au Batteries Event 2025 \u00e0 Dunkerque\",\"datePublished\":\"2025-03-19T09:39:54+00:00\",\"mainEntityOfPage\":{\"@id\":\"https:\/\/www.crittm2a.com\/fr\/le-critt-m2a-au-batteries-event-2025-a-dunkerque\/\"},\"wordCount\":197,\"publisher\":{\"@id\":\"https:\/\/www.crittm2a.com\/fr\/#organization\"},\"image\":{\"@id\":\"https:\/\/www.crittm2a.com\/fr\/le-critt-m2a-au-batteries-event-2025-a-dunkerque\/#primaryimage\"},\"thumbnailUrl\":\"https:\/\/www.crittm2a.com\/wp-content\/uploads\/2025\/03\/photo-3.png\",\"inLanguage\":\"fr-FR\"},{\"@type\":\"WebPage\",\"@id\":\"https:\/\/www.crittm2a.com\/fr\/le-critt-m2a-au-batteries-event-2025-a-dunkerque\/\",\"url\":\"https:\/\/www.crittm2a.com\/fr\/le-critt-m2a-au-batteries-event-2025-a-dunkerque\/\",\"name\":\"Le CRITT M2A au Batteries Event 2025 \u00e0 Dunkerque Critt M2A\",\"isPartOf\":{\"@id\":\"https:\/\/www.crittm2a.com\/fr\/#website\"},\"primaryImageOfPage\":{\"@id\":\"https:\/\/www.crittm2a.com\/fr\/le-critt-m2a-au-batteries-event-2025-a-dunkerque\/#primaryimage\"},\"image\":{\"@id\":\"https:\/\/www.crittm2a.com\/fr\/le-critt-m2a-au-batteries-event-2025-a-dunkerque\/#primaryimage\"},\"thumbnailUrl\":\"https:\/\/www.crittm2a.com\/wp-content\/uploads\/2025\/03\/photo-3.png\",\"datePublished\":\"2025-03-19T09:39:54+00:00\",\"breadcrumb\":{\"@id\":\"https:\/\/www.crittm2a.com\/fr\/le-critt-m2a-au-batteries-event-2025-a-dunkerque\/#breadcrumb\"},\"inLanguage\":\"fr-FR\",\"potentialAction\":[{\"@type\":\"ReadAction\",\"target\":[\"https:\/\/www.crittm2a.com\/fr\/le-critt-m2a-au-batteries-event-2025-a-dunkerque\/\"]}]},{\"@type\":\"ImageObject\",\"inLanguage\":\"fr-FR\",\"@id\":\"https:\/\/www.crittm2a.com\/fr\/le-critt-m2a-au-batteries-event-2025-a-dunkerque\/#primaryimage\",\"url\":\"https:\/\/www.crittm2a.com\/wp-content\/uploads\/2025\/03\/photo-3.png\",\"contentUrl\":\"https:\/\/www.crittm2a.com\/wp-content\/uploads\/2025\/03\/photo-3.png\",\"width\":1920,\"height\":1080},{\"@type\":\"BreadcrumbList\",\"@id\":\"https:\/\/www.crittm2a.com\/fr\/le-critt-m2a-au-batteries-event-2025-a-dunkerque\/#breadcrumb\",\"itemListElement\":[{\"@type\":\"ListItem\",\"position\":1,\"name\":\"Accueil\",\"item\":\"https:\/\/www.crittm2a.com\/fr\/\"},{\"@type\":\"ListItem\",\"position\":2,\"name\":\"Le CRITT M2A au Batteries Event 2025 \u00e0 Dunkerque\"}]},{\"@type\":\"WebSite\",\"@id\":\"https:\/\/www.crittm2a.com\/fr\/#website\",\"url\":\"https:\/\/www.crittm2a.com\/fr\/\",\"name\":\"Critt M2A\",\"description\":\"\",\"publisher\":{\"@id\":\"https:\/\/www.crittm2a.com\/fr\/#organization\"},\"potentialAction\":[{\"@type\":\"SearchAction\",\"target\":{\"@type\":\"EntryPoint\",\"urlTemplate\":\"https:\/\/www.crittm2a.com\/fr\/?s={search_term_string}\"},\"query-input\":{\"@type\":\"PropertyValueSpecification\",\"valueRequired\":true,\"valueName\":\"search_term_string\"}}],\"inLanguage\":\"fr-FR\"},{\"@type\":\"Organization\",\"@id\":\"https:\/\/www.crittm2a.com\/fr\/#organization\",\"name\":\"CrittM2A\",\"url\":\"https:\/\/www.crittm2a.com\/fr\/\",\"logo\":{\"@type\":\"ImageObject\",\"inLanguage\":\"fr-FR\",\"@id\":\"https:\/\/www.crittm2a.com\/fr\/#\/schema\/logo\/image\/\",\"url\":\"https:\/\/www.crittm2a.com\/wp-content\/uploads\/2025\/09\/logotype-critt_signature-COULEUR.jpg\",\"contentUrl\":\"https:\/\/www.crittm2a.com\/wp-content\/uploads\/2025\/09\/logotype-critt_signature-COULEUR.jpg\",\"width\":1476,\"height\":536,\"caption\":\"CrittM2A\"},\"image\":{\"@id\":\"https:\/\/www.crittm2a.com\/fr\/#\/schema\/logo\/image\/\"},\"sameAs\":[\"https:\/\/x.com\/critt_m2a\",\"https:\/\/www.linkedin.com\/company\/sas-critt-m2a\/?viewAsMember=true\"]},{\"@type\":\"Person\",\"@id\":\"https:\/\/www.crittm2a.com\/fr\/#\/schema\/person\/c18f42730c38169c2724d952fe98fdb3\",\"name\":\"Audrey Riberon\",\"image\":{\"@type\":\"ImageObject\",\"inLanguage\":\"fr-FR\",\"@id\":\"https:\/\/www.crittm2a.com\/fr\/#\/schema\/person\/image\/\",\"url\":\"https:\/\/secure.gravatar.com\/avatar\/2571dc3d85cc825d6ad47be3f6d1d8f160adb25d05d0e220b9349a620d18b76a?s=96&d=mm&r=g\",\"contentUrl\":\"https:\/\/secure.gravatar.com\/avatar\/2571dc3d85cc825d6ad47be3f6d1d8f160adb25d05d0e220b9349a620d18b76a?s=96&d=mm&r=g\",\"caption\":\"Audrey Riberon\"},\"url\":\"https:\/\/www.crittm2a.com\/fr\/author\/audreyriberon\/\"}]}<\/script>\n<!-- \/ Yoast SEO plugin. -->","yoast_head_json":{"title":"Critt M2A","robots":{"index":"index","follow":"follow","max-snippet":"max-snippet:-1","max-image-preview":"max-image-preview:large","max-video-preview":"max-video-preview:-1"},"canonical":"https:\/\/www.crittm2a.com\/fr\/le-critt-m2a-au-batteries-event-2025-a-dunkerque\/","og_locale":"fr_FR","og_type":"article","og_title":"Le CRITT M2A au Batteries Event 2025 \u00e0 Dunkerque Critt M2A","og_description":"Dunkerque accueille pour la premi\u00e8re fois le Batteries Event, rendez-vous incontournable des experts en batteries et \u00e9lectromobilit\u00e9. Situ\u00e9 au c\u0153ur [&hellip;]","og_url":"https:\/\/www.crittm2a.com\/fr\/le-critt-m2a-au-batteries-event-2025-a-dunkerque\/","og_site_name":"Critt M2A","article_published_time":"2025-03-19T09:39:54+00:00","og_image":[{"width":1920,"height":1080,"url":"https:\/\/www.crittm2a.com\/wp-content\/uploads\/2025\/03\/photo-3.png","type":"image\/png"}],"author":"Audrey Riberon","twitter_card":"summary_large_image","twitter_creator":"@critt_m2a","twitter_site":"@critt_m2a","twitter_misc":{"\u00c9crit par":"Audrey Riberon","Dur\u00e9e de lecture estim\u00e9e":"1 minute"},"schema":{"@context":"https:\/\/schema.org","@graph":[{"@type":"Article","@id":"https:\/\/www.crittm2a.com\/fr\/le-critt-m2a-au-batteries-event-2025-a-dunkerque\/#article","isPartOf":{"@id":"https:\/\/www.crittm2a.com\/fr\/le-critt-m2a-au-batteries-event-2025-a-dunkerque\/"},"author":{"name":"Audrey Riberon","@id":"https:\/\/www.crittm2a.com\/fr\/#\/schema\/person\/c18f42730c38169c2724d952fe98fdb3"},"headline":"Le CRITT M2A au Batteries Event 2025 \u00e0 Dunkerque","datePublished":"2025-03-19T09:39:54+00:00","mainEntityOfPage":{"@id":"https:\/\/www.crittm2a.com\/fr\/le-critt-m2a-au-batteries-event-2025-a-dunkerque\/"},"wordCount":197,"publisher":{"@id":"https:\/\/www.crittm2a.com\/fr\/#organization"},"image":{"@id":"https:\/\/www.crittm2a.com\/fr\/le-critt-m2a-au-batteries-event-2025-a-dunkerque\/#primaryimage"},"thumbnailUrl":"https:\/\/www.crittm2a.com\/wp-content\/uploads\/2025\/03\/photo-3.png","inLanguage":"fr-FR"},{"@type":"WebPage","@id":"https:\/\/www.crittm2a.com\/fr\/le-critt-m2a-au-batteries-event-2025-a-dunkerque\/","url":"https:\/\/www.crittm2a.com\/fr\/le-critt-m2a-au-batteries-event-2025-a-dunkerque\/","name":"Le CRITT M2A au Batteries Event 2025 \u00e0 Dunkerque Critt M2A","isPartOf":{"@id":"https:\/\/www.crittm2a.com\/fr\/#website"},"primaryImageOfPage":{"@id":"https:\/\/www.crittm2a.com\/fr\/le-critt-m2a-au-batteries-event-2025-a-dunkerque\/#primaryimage"},"image":{"@id":"https:\/\/www.crittm2a.com\/fr\/le-critt-m2a-au-batteries-event-2025-a-dunkerque\/#primaryimage"},"thumbnailUrl":"https:\/\/www.crittm2a.com\/wp-content\/uploads\/2025\/03\/photo-3.png","datePublished":"2025-03-19T09:39:54+00:00","breadcrumb":{"@id":"https:\/\/www.crittm2a.com\/fr\/le-critt-m2a-au-batteries-event-2025-a-dunkerque\/#breadcrumb"},"inLanguage":"fr-FR","potentialAction":[{"@type":"ReadAction","target":["https:\/\/www.crittm2a.com\/fr\/le-critt-m2a-au-batteries-event-2025-a-dunkerque\/"]}]},{"@type":"ImageObject","inLanguage":"fr-FR","@id":"https:\/\/www.crittm2a.com\/fr\/le-critt-m2a-au-batteries-event-2025-a-dunkerque\/#primaryimage","url":"https:\/\/www.crittm2a.com\/wp-content\/uploads\/2025\/03\/photo-3.png","contentUrl":"https:\/\/www.crittm2a.com\/wp-content\/uploads\/2025\/03\/photo-3.png","width":1920,"height":1080},{"@type":"BreadcrumbList","@id":"https:\/\/www.crittm2a.com\/fr\/le-critt-m2a-au-batteries-event-2025-a-dunkerque\/#breadcrumb","itemListElement":[{"@type":"ListItem","position":1,"name":"Accueil","item":"https:\/\/www.crittm2a.com\/fr\/"},{"@type":"ListItem","position":2,"name":"Le CRITT M2A au Batteries Event 2025 \u00e0 Dunkerque"}]},{"@type":"WebSite","@id":"https:\/\/www.crittm2a.com\/fr\/#website","url":"https:\/\/www.crittm2a.com\/fr\/","name":"Critt M2A","description":"","publisher":{"@id":"https:\/\/www.crittm2a.com\/fr\/#organization"},"potentialAction":[{"@type":"SearchAction","target":{"@type":"EntryPoint","urlTemplate":"https:\/\/www.crittm2a.com\/fr\/?s={search_term_string}"},"query-input":{"@type":"PropertyValueSpecification","valueRequired":true,"valueName":"search_term_string"}}],"inLanguage":"fr-FR"},{"@type":"Organization","@id":"https:\/\/www.crittm2a.com\/fr\/#organization","name":"CrittM2A","url":"https:\/\/www.crittm2a.com\/fr\/","logo":{"@type":"ImageObject","inLanguage":"fr-FR","@id":"https:\/\/www.crittm2a.com\/fr\/#\/schema\/logo\/image\/","url":"https:\/\/www.crittm2a.com\/wp-content\/uploads\/2025\/09\/logotype-critt_signature-COULEUR.jpg","contentUrl":"https:\/\/www.crittm2a.com\/wp-content\/uploads\/2025\/09\/logotype-critt_signature-COULEUR.jpg","width":1476,"height":536,"caption":"CrittM2A"},"image":{"@id":"https:\/\/www.crittm2a.com\/fr\/#\/schema\/logo\/image\/"},"sameAs":["https:\/\/x.com\/critt_m2a","https:\/\/www.linkedin.com\/company\/sas-critt-m2a\/?viewAsMember=true"]},{"@type":"Person","@id":"https:\/\/www.crittm2a.com\/fr\/#\/schema\/person\/c18f42730c38169c2724d952fe98fdb3","name":"Audrey Riberon","image":{"@type":"ImageObject","inLanguage":"fr-FR","@id":"https:\/\/www.crittm2a.com\/fr\/#\/schema\/person\/image\/","url":"https:\/\/secure.gravatar.com\/avatar\/2571dc3d85cc825d6ad47be3f6d1d8f160adb25d05d0e220b9349a620d18b76a?s=96&d=mm&r=g","contentUrl":"https:\/\/secure.gravatar.com\/avatar\/2571dc3d85cc825d6ad47be3f6d1d8f160adb25d05d0e220b9349a620d18b76a?s=96&d=mm&r=g","caption":"Audrey Riberon"},"url":"https:\/\/www.crittm2a.com\/fr\/author\/audreyriberon\/"}]}},"jetpack_featured_media_url":"https:\/\/www.crittm2a.com\/wp-content\/uploads\/2025\/03\/photo-3.png","jetpack_sharing_enabled":true,"_links":{"self":[{"href":"https:\/\/www.crittm2a.com\/fr\/wp-json\/wp\/v2\/posts\/4959","targetHints":{"allow":["GET"]}}],"collection":[{"href":"https:\/\/www.crittm2a.com\/fr\/wp-json\/wp\/v2\/posts"}],"about":[{"href":"https:\/\/www.crittm2a.com\/fr\/wp-json\/wp\/v2\/types\/post"}],"author":[{"embeddable":true,"href":"https:\/\/www.crittm2a.com\/fr\/wp-json\/wp\/v2\/users\/3"}],"replies":[{"embeddable":true,"href":"https:\/\/www.crittm2a.com\/fr\/wp-json\/wp\/v2\/comments?post=4959"}],"version-history":[{"count":1,"href":"https:\/\/www.crittm2a.com\/fr\/wp-json\/wp\/v2\/posts\/4959\/revisions"}],"predecessor-version":[{"id":4962,"href":"https:\/\/www.crittm2a.com\/fr\/wp-json\/wp\/v2\/posts\/4959\/revisions\/4962"}],"wp:featuredmedia":[{"embeddable":true,"href":"https:\/\/www.crittm2a.com\/fr\/wp-json\/wp\/v2\/media\/4960"}],"wp:attachment":[{"href":"https:\/\/www.crittm2a.com\/fr\/wp-json\/wp\/v2\/media?parent=4959"}],"wp:term":[{"taxonomy":"category","embeddable":true,"href":"https:\/\/www.crittm2a.com\/fr\/wp-json\/wp\/v2\/categories?post=4959"},{"taxonomy":"post_tag","embeddable":true,"href":"https:\/\/www.crittm2a.com\/fr\/wp-json\/wp\/v2\/tags?post=4959"}],"curies":[{"name":"wp","href":"https:\/\/api.w.org\/{rel}","templated":true}]}}