{"id":4071,"date":"2024-03-15T11:28:52","date_gmt":"2024-03-15T10:28:52","guid":{"rendered":"https:\/\/www.crittm2a.com\/fr\/?p=4071"},"modified":"2024-06-25T14:10:09","modified_gmt":"2024-06-25T12:10:09","slug":"europe-1-donne-la-parole-au-critt-m2a","status":"publish","type":"post","link":"https:\/\/www.crittm2a.com\/fr\/europe-1-donne-la-parole-au-critt-m2a\/","title":{"rendered":"Europe 1 donne la parole au CRITT M2A"},"content":{"rendered":"<p>Nous sommes heureux d&rsquo;annoncer que la\u00a0<a href=\"https:\/\/www.linkedin.com\/company\/cci-hauts-de-france\/\" data-attribute-index=\"2\" data-entity-type=\"MINI_COMPANY\">CCI Hauts-de-France<\/a>\u00a0a choisi la\u00a0<a href=\"https:\/\/www.linkedin.com\/company\/sas-critt-m2a\/\" data-attribute-index=\"4\" data-entity-type=\"MINI_COMPANY\">SAS CRITT M2A<\/a>\u00a0pour la 5e \u00e9tape de la tourn\u00e9e des Entrepreneurs Engag\u00e9s !<\/p>\n<p><!--more--><br \/>\nC&rsquo;est un honneur d&rsquo;accueillir ici le plateau d&rsquo;<a href=\"https:\/\/www.linkedin.com\/company\/europe-1\/\" data-attribute-index=\"6\" data-entity-type=\"MINI_COMPANY\">Europe 1<\/a>, au c\u0153ur de la vall\u00e9e de l\u2019\u00e9lectrique \u26a1<br \/>\n\u00a0<br \/>\nLa r\u00e9gion Hauts-de-France est \u00e0 l&rsquo;avant-garde de la transformation industrielle, de Lens \u00e0 Dunkerque. Le territoire vit une mutation profonde, notamment dans le domaine de la production de batteries \u00e9lectriques \ud83d\udd0b.<\/p>\n<p>Quels sont les d\u00e9fis et les impacts de cette r\u00e9industrialisation ? En tant que pionniers dans la transition vers l\u2019\u00e9lectromobilit\u00e9, nous sommes ravis de discuter de ce sujet qui est au c\u0153ur de nos pr\u00e9occupations \ud83d\ude80<\/p>\n<p>Avec :<br \/>\n\ud83d\udc49\u00a0<a href=\"https:\/\/www.linkedin.com\/in\/ACoAAAC-s7YBrva9g-_khp2L2el-TwaemEByNSU\" data-attribute-index=\"8\" data-entity-type=\"MINI_PROFILE\">Alain Di Crescenzo<\/a>, Pr\u00e9sident de\u00a0<a href=\"https:\/\/www.linkedin.com\/company\/chambre-de-commerce-et-industrie-france\/\" data-attribute-index=\"10\" data-entity-type=\"MINI_COMPANY\">CCI France<\/a>,<br \/>\n\ud83d\udc49\u00a0<a href=\"https:\/\/www.linkedin.com\/in\/ACoAADLwS10Bdw56-sZt5dUssnMDDLL1_pqDj5c\" data-attribute-index=\"12\" data-entity-type=\"MINI_PROFILE\">Philippe Hourdain<\/a>, Pr\u00e9sident de la\u00a0<a href=\"https:\/\/www.linkedin.com\/company\/cci-hauts-de-france\/\" data-attribute-index=\"14\" data-entity-type=\"MINI_COMPANY\">CCI Hauts-de-France<\/a>,<br \/>\n\ud83d\udc49\u00a0<a href=\"https:\/\/www.linkedin.com\/in\/ACoAAAPSM0cBoLNb25GIox8hKp1QZH3WYCErkxU\" data-attribute-index=\"16\" data-entity-type=\"MINI_PROFILE\">Fabrice Furlan<\/a>, Pr\u00e9sident de\u00a0<a href=\"https:\/\/www.linkedin.com\/company\/plume-mobility\/\" data-attribute-index=\"18\" data-entity-type=\"MINI_COMPANY\">Plume<\/a><br \/>\n\ud83d\udc49\u00a0<a href=\"https:\/\/www.linkedin.com\/in\/ACoAAAWWUxkBuR56_tc_PeGWSuAQgpDRzZRhNPI\" data-attribute-index=\"20\" data-entity-type=\"MINI_PROFILE\">J\u00e9r\u00f4me BODELLE<\/a>, Pr\u00e9sident du CRITT M2A<\/p>\n<p>Ce fut une exp\u00e9rience tr\u00e8s enrichissante de partager notre parcours et de dialoguer avec les acteurs engag\u00e9s dans la transition \u00e9nerg\u00e9tique sur notre territoire.<\/p>\n<p>Un grand merci \u00e0 la\u00a0<a href=\"https:\/\/www.linkedin.com\/company\/cci-hauts-de-france\/\" data-attribute-index=\"22\" data-entity-type=\"MINI_COMPANY\">CCI Hauts-de-France<\/a>\u00a0pour cette opportunit\u00e9.<br \/>\n\u00a0<br \/>\nRetrouvez le replay de l&rsquo;\u00e9mission \u00ab\u00a0La France Bouge\u00a0\u00bb sur Europe 1 anim\u00e9e par <a href=\"https:\/\/www.linkedin.com\/in\/ACoAABNKA5gBLwZhaEoc6gdf1Hdb-JmVGSQiqgA\" data-attribute-index=\"24\" data-entity-type=\"MINI_PROFILE\">Elisabeth Assayag<\/a>\u00a0\ud83d\udd17<a href=\"https:\/\/www.europe1.fr\/emissions\/la-france-bouge\/en-partenariat-avec-cci-france-la-france-bouge-sinstalle-dans-le-pas-de-calais-4234246\" target=\"_blank\" rel=\"noopener\">Ecouter l&rsquo;\u00e9mission<\/a><\/p>\n \n\n<ul class=\"gallery row\" data-gallery data-gallery-open>\n\t\t\t<li class=\"mb-2 col-12 col-medium-4 col-small-2\" title=\"\"><a href=\"https:\/\/www.crittm2a.com\/wp-content\/uploads\/2024\/03\/20240305_124455-scaled.jpg\" class=\"thumbnail\">\n\t\t<img decoding=\"async\" src=\"https:\/\/www.crittm2a.com\/wp-content\/uploads\/2024\/03\/20240305_124455-275x160.jpg\" alt=\"\" class=\"img-fluid\">\n\t<\/a><\/li>\n\t\t\t<li class=\"mb-2 col-12 col-medium-4 col-small-2\" title=\"\"><a href=\"https:\/\/www.crittm2a.com\/wp-content\/uploads\/2024\/03\/20240305_121740-scaled.jpg\" class=\"thumbnail\">\n\t\t<img decoding=\"async\" src=\"https:\/\/www.crittm2a.com\/wp-content\/uploads\/2024\/03\/20240305_121740-275x160.jpg\" alt=\"\" class=\"img-fluid\">\n\t<\/a><\/li>\n\t\t\t<li class=\"mb-2 col-12 col-medium-4 col-small-2\" title=\"\"><a href=\"https:\/\/www.crittm2a.com\/wp-content\/uploads\/2024\/03\/groupe.jpg\" class=\"thumbnail\">\n\t\t<img decoding=\"async\" src=\"https:\/\/www.crittm2a.com\/wp-content\/uploads\/2024\/03\/groupe-275x160.jpg\" alt=\"\" class=\"img-fluid\">\n\t<\/a><\/li>\n\t\t\t<li class=\"mb-2 col-12 col-medium-4 col-small-2\" title=\"\"><a href=\"https:\/\/www.crittm2a.com\/wp-content\/uploads\/2024\/03\/20240305_123903-scaled.jpg\" class=\"thumbnail\">\n\t\t<img decoding=\"async\" src=\"https:\/\/www.crittm2a.com\/wp-content\/uploads\/2024\/03\/20240305_123903-275x160.jpg\" alt=\"\" class=\"img-fluid\">\n\t<\/a><\/li>\n\t\t\t<li class=\"mb-2 col-12 col-medium-4 col-small-2\" title=\"\"><a href=\"https:\/\/www.crittm2a.com\/wp-content\/uploads\/2024\/03\/20240305_124808-scaled.jpg\" class=\"thumbnail\">\n\t\t<img decoding=\"async\" src=\"https:\/\/www.crittm2a.com\/wp-content\/uploads\/2024\/03\/20240305_124808-275x160.jpg\" alt=\"\" class=\"img-fluid\">\n\t<\/a><\/li>\n\t<\/ul>\n<p>&nbsp;<\/p>\n","protected":false},"excerpt":{"rendered":"<p>Nous sommes heureux d&rsquo;annoncer que la\u00a0CCI Hauts-de-France\u00a0a choisi la\u00a0SAS CRITT M2A\u00a0pour la 5e \u00e9tape de la tourn\u00e9e des Entrepreneurs Engag\u00e9s [&hellip;]<\/p>\n","protected":false},"author":3,"featured_media":4073,"comment_status":"closed","ping_status":"closed","sticky":false,"template":"","format":"standard","meta":{"_acf_changed":false,"_jetpack_memberships_contains_paid_content":false,"footnotes":""},"categories":[1],"tags":[],"class_list":["post-4071","post","type-post","status-publish","format-standard","has-post-thumbnail","hentry","category-non-classe"],"acf":[],"yoast_head":"<!-- This site is optimized with the Yoast SEO plugin v27.1.1 - https:\/\/yoast.com\/product\/yoast-seo-wordpress\/ -->\n<title>Critt M2A<\/title>\n<meta name=\"robots\" content=\"index, follow, max-snippet:-1, max-image-preview:large, max-video-preview:-1\" \/>\n<link rel=\"canonical\" href=\"https:\/\/www.crittm2a.com\/fr\/europe-1-donne-la-parole-au-critt-m2a\/\" \/>\n<meta property=\"og:locale\" content=\"fr_FR\" \/>\n<meta property=\"og:type\" content=\"article\" \/>\n<meta property=\"og:title\" content=\"Europe 1 donne la parole au CRITT M2A Critt M2A\" \/>\n<meta property=\"og:description\" content=\"Nous sommes heureux d&rsquo;annoncer que la\u00a0CCI Hauts-de-France\u00a0a choisi la\u00a0SAS CRITT M2A\u00a0pour la 5e \u00e9tape de la tourn\u00e9e des Entrepreneurs Engag\u00e9s [&hellip;]\" \/>\n<meta property=\"og:url\" content=\"https:\/\/www.crittm2a.com\/fr\/europe-1-donne-la-parole-au-critt-m2a\/\" \/>\n<meta property=\"og:site_name\" content=\"Critt M2A\" \/>\n<meta property=\"article:published_time\" content=\"2024-03-15T10:28:52+00:00\" \/>\n<meta property=\"article:modified_time\" content=\"2024-06-25T12:10:09+00:00\" \/>\n<meta property=\"og:image\" content=\"https:\/\/www.crittm2a.com\/wp-content\/uploads\/2024\/03\/20240305_121740-scaled.jpg\" \/>\n\t<meta property=\"og:image:width\" content=\"2560\" \/>\n\t<meta property=\"og:image:height\" content=\"2341\" \/>\n\t<meta property=\"og:image:type\" content=\"image\/jpeg\" \/>\n<meta name=\"author\" content=\"Audrey Riberon\" \/>\n<meta name=\"twitter:card\" content=\"summary_large_image\" \/>\n<meta name=\"twitter:creator\" content=\"@critt_m2a\" \/>\n<meta name=\"twitter:site\" content=\"@critt_m2a\" \/>\n<meta name=\"twitter:label1\" content=\"\u00c9crit par\" \/>\n\t<meta name=\"twitter:data1\" content=\"Audrey Riberon\" \/>\n\t<meta name=\"twitter:label2\" content=\"Dur\u00e9e de lecture estim\u00e9e\" \/>\n\t<meta name=\"twitter:data2\" content=\"1 minute\" \/>\n<script type=\"application\/ld+json\" class=\"yoast-schema-graph\">{\"@context\":\"https:\/\/schema.org\",\"@graph\":[{\"@type\":\"Article\",\"@id\":\"https:\/\/www.crittm2a.com\/fr\/europe-1-donne-la-parole-au-critt-m2a\/#article\",\"isPartOf\":{\"@id\":\"https:\/\/www.crittm2a.com\/fr\/europe-1-donne-la-parole-au-critt-m2a\/\"},\"author\":{\"name\":\"Audrey Riberon\",\"@id\":\"https:\/\/www.crittm2a.com\/fr\/#\/schema\/person\/c18f42730c38169c2724d952fe98fdb3\"},\"headline\":\"Europe 1 donne la parole au CRITT M2A\",\"datePublished\":\"2024-03-15T10:28:52+00:00\",\"dateModified\":\"2024-06-25T12:10:09+00:00\",\"mainEntityOfPage\":{\"@id\":\"https:\/\/www.crittm2a.com\/fr\/europe-1-donne-la-parole-au-critt-m2a\/\"},\"wordCount\":221,\"publisher\":{\"@id\":\"https:\/\/www.crittm2a.com\/fr\/#organization\"},\"image\":{\"@id\":\"https:\/\/www.crittm2a.com\/fr\/europe-1-donne-la-parole-au-critt-m2a\/#primaryimage\"},\"thumbnailUrl\":\"https:\/\/www.crittm2a.com\/wp-content\/uploads\/2024\/03\/20240305_121740-scaled.jpg\",\"inLanguage\":\"fr-FR\"},{\"@type\":\"WebPage\",\"@id\":\"https:\/\/www.crittm2a.com\/fr\/europe-1-donne-la-parole-au-critt-m2a\/\",\"url\":\"https:\/\/www.crittm2a.com\/fr\/europe-1-donne-la-parole-au-critt-m2a\/\",\"name\":\"Europe 1 donne la parole au CRITT M2A Critt M2A\",\"isPartOf\":{\"@id\":\"https:\/\/www.crittm2a.com\/fr\/#website\"},\"primaryImageOfPage\":{\"@id\":\"https:\/\/www.crittm2a.com\/fr\/europe-1-donne-la-parole-au-critt-m2a\/#primaryimage\"},\"image\":{\"@id\":\"https:\/\/www.crittm2a.com\/fr\/europe-1-donne-la-parole-au-critt-m2a\/#primaryimage\"},\"thumbnailUrl\":\"https:\/\/www.crittm2a.com\/wp-content\/uploads\/2024\/03\/20240305_121740-scaled.jpg\",\"datePublished\":\"2024-03-15T10:28:52+00:00\",\"dateModified\":\"2024-06-25T12:10:09+00:00\",\"breadcrumb\":{\"@id\":\"https:\/\/www.crittm2a.com\/fr\/europe-1-donne-la-parole-au-critt-m2a\/#breadcrumb\"},\"inLanguage\":\"fr-FR\",\"potentialAction\":[{\"@type\":\"ReadAction\",\"target\":[\"https:\/\/www.crittm2a.com\/fr\/europe-1-donne-la-parole-au-critt-m2a\/\"]}]},{\"@type\":\"ImageObject\",\"inLanguage\":\"fr-FR\",\"@id\":\"https:\/\/www.crittm2a.com\/fr\/europe-1-donne-la-parole-au-critt-m2a\/#primaryimage\",\"url\":\"https:\/\/www.crittm2a.com\/wp-content\/uploads\/2024\/03\/20240305_121740-scaled.jpg\",\"contentUrl\":\"https:\/\/www.crittm2a.com\/wp-content\/uploads\/2024\/03\/20240305_121740-scaled.jpg\",\"width\":2560,\"height\":2341},{\"@type\":\"BreadcrumbList\",\"@id\":\"https:\/\/www.crittm2a.com\/fr\/europe-1-donne-la-parole-au-critt-m2a\/#breadcrumb\",\"itemListElement\":[{\"@type\":\"ListItem\",\"position\":1,\"name\":\"Accueil\",\"item\":\"https:\/\/www.crittm2a.com\/fr\/\"},{\"@type\":\"ListItem\",\"position\":2,\"name\":\"Europe 1 donne la parole au CRITT M2A\"}]},{\"@type\":\"WebSite\",\"@id\":\"https:\/\/www.crittm2a.com\/fr\/#website\",\"url\":\"https:\/\/www.crittm2a.com\/fr\/\",\"name\":\"Critt M2A\",\"description\":\"\",\"publisher\":{\"@id\":\"https:\/\/www.crittm2a.com\/fr\/#organization\"},\"potentialAction\":[{\"@type\":\"SearchAction\",\"target\":{\"@type\":\"EntryPoint\",\"urlTemplate\":\"https:\/\/www.crittm2a.com\/fr\/?s={search_term_string}\"},\"query-input\":{\"@type\":\"PropertyValueSpecification\",\"valueRequired\":true,\"valueName\":\"search_term_string\"}}],\"inLanguage\":\"fr-FR\"},{\"@type\":\"Organization\",\"@id\":\"https:\/\/www.crittm2a.com\/fr\/#organization\",\"name\":\"CrittM2A\",\"url\":\"https:\/\/www.crittm2a.com\/fr\/\",\"logo\":{\"@type\":\"ImageObject\",\"inLanguage\":\"fr-FR\",\"@id\":\"https:\/\/www.crittm2a.com\/fr\/#\/schema\/logo\/image\/\",\"url\":\"https:\/\/www.crittm2a.com\/wp-content\/uploads\/2025\/09\/logotype-critt_signature-COULEUR.jpg\",\"contentUrl\":\"https:\/\/www.crittm2a.com\/wp-content\/uploads\/2025\/09\/logotype-critt_signature-COULEUR.jpg\",\"width\":1476,\"height\":536,\"caption\":\"CrittM2A\"},\"image\":{\"@id\":\"https:\/\/www.crittm2a.com\/fr\/#\/schema\/logo\/image\/\"},\"sameAs\":[\"https:\/\/x.com\/critt_m2a\",\"https:\/\/www.linkedin.com\/company\/sas-critt-m2a\/?viewAsMember=true\"]},{\"@type\":\"Person\",\"@id\":\"https:\/\/www.crittm2a.com\/fr\/#\/schema\/person\/c18f42730c38169c2724d952fe98fdb3\",\"name\":\"Audrey Riberon\",\"image\":{\"@type\":\"ImageObject\",\"inLanguage\":\"fr-FR\",\"@id\":\"https:\/\/www.crittm2a.com\/fr\/#\/schema\/person\/image\/\",\"url\":\"https:\/\/secure.gravatar.com\/avatar\/2571dc3d85cc825d6ad47be3f6d1d8f160adb25d05d0e220b9349a620d18b76a?s=96&d=mm&r=g\",\"contentUrl\":\"https:\/\/secure.gravatar.com\/avatar\/2571dc3d85cc825d6ad47be3f6d1d8f160adb25d05d0e220b9349a620d18b76a?s=96&d=mm&r=g\",\"caption\":\"Audrey Riberon\"},\"url\":\"https:\/\/www.crittm2a.com\/fr\/author\/audreyriberon\/\"}]}<\/script>\n<!-- \/ Yoast SEO plugin. -->","yoast_head_json":{"title":"Critt M2A","robots":{"index":"index","follow":"follow","max-snippet":"max-snippet:-1","max-image-preview":"max-image-preview:large","max-video-preview":"max-video-preview:-1"},"canonical":"https:\/\/www.crittm2a.com\/fr\/europe-1-donne-la-parole-au-critt-m2a\/","og_locale":"fr_FR","og_type":"article","og_title":"Europe 1 donne la parole au CRITT M2A Critt M2A","og_description":"Nous sommes heureux d&rsquo;annoncer que la\u00a0CCI Hauts-de-France\u00a0a choisi la\u00a0SAS CRITT M2A\u00a0pour la 5e \u00e9tape de la tourn\u00e9e des Entrepreneurs Engag\u00e9s [&hellip;]","og_url":"https:\/\/www.crittm2a.com\/fr\/europe-1-donne-la-parole-au-critt-m2a\/","og_site_name":"Critt M2A","article_published_time":"2024-03-15T10:28:52+00:00","article_modified_time":"2024-06-25T12:10:09+00:00","og_image":[{"width":2560,"height":2341,"url":"https:\/\/www.crittm2a.com\/wp-content\/uploads\/2024\/03\/20240305_121740-scaled.jpg","type":"image\/jpeg"}],"author":"Audrey Riberon","twitter_card":"summary_large_image","twitter_creator":"@critt_m2a","twitter_site":"@critt_m2a","twitter_misc":{"\u00c9crit par":"Audrey Riberon","Dur\u00e9e de lecture estim\u00e9e":"1 minute"},"schema":{"@context":"https:\/\/schema.org","@graph":[{"@type":"Article","@id":"https:\/\/www.crittm2a.com\/fr\/europe-1-donne-la-parole-au-critt-m2a\/#article","isPartOf":{"@id":"https:\/\/www.crittm2a.com\/fr\/europe-1-donne-la-parole-au-critt-m2a\/"},"author":{"name":"Audrey Riberon","@id":"https:\/\/www.crittm2a.com\/fr\/#\/schema\/person\/c18f42730c38169c2724d952fe98fdb3"},"headline":"Europe 1 donne la parole au CRITT M2A","datePublished":"2024-03-15T10:28:52+00:00","dateModified":"2024-06-25T12:10:09+00:00","mainEntityOfPage":{"@id":"https:\/\/www.crittm2a.com\/fr\/europe-1-donne-la-parole-au-critt-m2a\/"},"wordCount":221,"publisher":{"@id":"https:\/\/www.crittm2a.com\/fr\/#organization"},"image":{"@id":"https:\/\/www.crittm2a.com\/fr\/europe-1-donne-la-parole-au-critt-m2a\/#primaryimage"},"thumbnailUrl":"https:\/\/www.crittm2a.com\/wp-content\/uploads\/2024\/03\/20240305_121740-scaled.jpg","inLanguage":"fr-FR"},{"@type":"WebPage","@id":"https:\/\/www.crittm2a.com\/fr\/europe-1-donne-la-parole-au-critt-m2a\/","url":"https:\/\/www.crittm2a.com\/fr\/europe-1-donne-la-parole-au-critt-m2a\/","name":"Europe 1 donne la parole au CRITT M2A Critt M2A","isPartOf":{"@id":"https:\/\/www.crittm2a.com\/fr\/#website"},"primaryImageOfPage":{"@id":"https:\/\/www.crittm2a.com\/fr\/europe-1-donne-la-parole-au-critt-m2a\/#primaryimage"},"image":{"@id":"https:\/\/www.crittm2a.com\/fr\/europe-1-donne-la-parole-au-critt-m2a\/#primaryimage"},"thumbnailUrl":"https:\/\/www.crittm2a.com\/wp-content\/uploads\/2024\/03\/20240305_121740-scaled.jpg","datePublished":"2024-03-15T10:28:52+00:00","dateModified":"2024-06-25T12:10:09+00:00","breadcrumb":{"@id":"https:\/\/www.crittm2a.com\/fr\/europe-1-donne-la-parole-au-critt-m2a\/#breadcrumb"},"inLanguage":"fr-FR","potentialAction":[{"@type":"ReadAction","target":["https:\/\/www.crittm2a.com\/fr\/europe-1-donne-la-parole-au-critt-m2a\/"]}]},{"@type":"ImageObject","inLanguage":"fr-FR","@id":"https:\/\/www.crittm2a.com\/fr\/europe-1-donne-la-parole-au-critt-m2a\/#primaryimage","url":"https:\/\/www.crittm2a.com\/wp-content\/uploads\/2024\/03\/20240305_121740-scaled.jpg","contentUrl":"https:\/\/www.crittm2a.com\/wp-content\/uploads\/2024\/03\/20240305_121740-scaled.jpg","width":2560,"height":2341},{"@type":"BreadcrumbList","@id":"https:\/\/www.crittm2a.com\/fr\/europe-1-donne-la-parole-au-critt-m2a\/#breadcrumb","itemListElement":[{"@type":"ListItem","position":1,"name":"Accueil","item":"https:\/\/www.crittm2a.com\/fr\/"},{"@type":"ListItem","position":2,"name":"Europe 1 donne la parole au CRITT M2A"}]},{"@type":"WebSite","@id":"https:\/\/www.crittm2a.com\/fr\/#website","url":"https:\/\/www.crittm2a.com\/fr\/","name":"Critt M2A","description":"","publisher":{"@id":"https:\/\/www.crittm2a.com\/fr\/#organization"},"potentialAction":[{"@type":"SearchAction","target":{"@type":"EntryPoint","urlTemplate":"https:\/\/www.crittm2a.com\/fr\/?s={search_term_string}"},"query-input":{"@type":"PropertyValueSpecification","valueRequired":true,"valueName":"search_term_string"}}],"inLanguage":"fr-FR"},{"@type":"Organization","@id":"https:\/\/www.crittm2a.com\/fr\/#organization","name":"CrittM2A","url":"https:\/\/www.crittm2a.com\/fr\/","logo":{"@type":"ImageObject","inLanguage":"fr-FR","@id":"https:\/\/www.crittm2a.com\/fr\/#\/schema\/logo\/image\/","url":"https:\/\/www.crittm2a.com\/wp-content\/uploads\/2025\/09\/logotype-critt_signature-COULEUR.jpg","contentUrl":"https:\/\/www.crittm2a.com\/wp-content\/uploads\/2025\/09\/logotype-critt_signature-COULEUR.jpg","width":1476,"height":536,"caption":"CrittM2A"},"image":{"@id":"https:\/\/www.crittm2a.com\/fr\/#\/schema\/logo\/image\/"},"sameAs":["https:\/\/x.com\/critt_m2a","https:\/\/www.linkedin.com\/company\/sas-critt-m2a\/?viewAsMember=true"]},{"@type":"Person","@id":"https:\/\/www.crittm2a.com\/fr\/#\/schema\/person\/c18f42730c38169c2724d952fe98fdb3","name":"Audrey Riberon","image":{"@type":"ImageObject","inLanguage":"fr-FR","@id":"https:\/\/www.crittm2a.com\/fr\/#\/schema\/person\/image\/","url":"https:\/\/secure.gravatar.com\/avatar\/2571dc3d85cc825d6ad47be3f6d1d8f160adb25d05d0e220b9349a620d18b76a?s=96&d=mm&r=g","contentUrl":"https:\/\/secure.gravatar.com\/avatar\/2571dc3d85cc825d6ad47be3f6d1d8f160adb25d05d0e220b9349a620d18b76a?s=96&d=mm&r=g","caption":"Audrey Riberon"},"url":"https:\/\/www.crittm2a.com\/fr\/author\/audreyriberon\/"}]}},"jetpack_featured_media_url":"https:\/\/www.crittm2a.com\/wp-content\/uploads\/2024\/03\/20240305_121740-scaled.jpg","jetpack_sharing_enabled":true,"_links":{"self":[{"href":"https:\/\/www.crittm2a.com\/fr\/wp-json\/wp\/v2\/posts\/4071","targetHints":{"allow":["GET"]}}],"collection":[{"href":"https:\/\/www.crittm2a.com\/fr\/wp-json\/wp\/v2\/posts"}],"about":[{"href":"https:\/\/www.crittm2a.com\/fr\/wp-json\/wp\/v2\/types\/post"}],"author":[{"embeddable":true,"href":"https:\/\/www.crittm2a.com\/fr\/wp-json\/wp\/v2\/users\/3"}],"replies":[{"embeddable":true,"href":"https:\/\/www.crittm2a.com\/fr\/wp-json\/wp\/v2\/comments?post=4071"}],"version-history":[{"count":3,"href":"https:\/\/www.crittm2a.com\/fr\/wp-json\/wp\/v2\/posts\/4071\/revisions"}],"predecessor-version":[{"id":4489,"href":"https:\/\/www.crittm2a.com\/fr\/wp-json\/wp\/v2\/posts\/4071\/revisions\/4489"}],"wp:featuredmedia":[{"embeddable":true,"href":"https:\/\/www.crittm2a.com\/fr\/wp-json\/wp\/v2\/media\/4073"}],"wp:attachment":[{"href":"https:\/\/www.crittm2a.com\/fr\/wp-json\/wp\/v2\/media?parent=4071"}],"wp:term":[{"taxonomy":"category","embeddable":true,"href":"https:\/\/www.crittm2a.com\/fr\/wp-json\/wp\/v2\/categories?post=4071"},{"taxonomy":"post_tag","embeddable":true,"href":"https:\/\/www.crittm2a.com\/fr\/wp-json\/wp\/v2\/tags?post=4071"}],"curies":[{"name":"wp","href":"https:\/\/api.w.org\/{rel}","templated":true}]}}